{"id":80840,"date":"2023-09-18T09:46:50","date_gmt":"2023-09-18T07:46:50","guid":{"rendered":"https:\/\/fluffouterwear.com\/?p=80840"},"modified":"2024-10-27T13:14:54","modified_gmt":"2024-10-27T12:14:54","slug":"odkryj-nowa-kolekcje-fluff-jesien-zima-2023","status":"publish","type":"post","link":"https:\/\/fluffouterwear.com\/pl\/odkryj-nowa-kolekcje-fluff-jesien-zima-2023\/","title":{"rendered":"Odkryj now\u0105 kolekcj\u0119 Fluff! Jesie\u0144\/Zima 2023"},"content":{"rendered":"<h3>Nasze inspiracje<\/h3>\n<p>Gotowi na szalon\u0105 podr\u00f3\u017c do odwa\u017cnych, kolorowych i nonszalanckich lat 70.? Nowa kolekcja Fluff to ho\u0142d z\u0142o\u017cony stylistyce rodem z kultowych dzie\u0142 kina tamtych czas\u00f3w, takich jak \u201cAnnie Hall\u201d czy \u201cKlute\u201d. To w\u0142a\u015bnie barwne, wyraziste, zapadaj\u0105ce w pami\u0119\u0107 kadry z tych film\u00f3w sta\u0142y si\u0119 impulsem do stworzenia tej niezwyk\u0142ej serii ubra\u0144 i akcesori\u00f3w.<\/p>\n<h3>Szafa kapsu\u0142owa<\/h3>\n<p>&nbsp;<\/p>\n<p>Pracuj\u0105c nad t\u0105 kolekcj\u0105, postanowili\u015bmy kreatywnie zabawi\u0107 si\u0119 poj\u0119ciem <strong>szafy kapsu\u0142owej<\/strong> i niejako stworzy\u0107 jej definicj\u0119 na nowo. W klasycznym rozumieniu kapsu\u0142a kojarzy si\u0119 raczej ze stonowanymi kolorami i teksturami, kt\u00f3re nie rzucaj\u0105 si\u0119 w oczy. Nasza wariacja na ten temat odwraca natomiast zastane porz\u0105dki i w roli g\u0142\u00f3wnej obsadza \u017cywe, <strong>kontrastuj\u0105ce ze sob\u0105 odcienie<\/strong> &#8211; fiolety, limonki, br\u0105zy czy zielenie &#8211; a tak\u017ce <strong>po\u0142yskuj\u0105ce tkaniny<\/strong>, jak sk\u00f3ra i aksamit, kt\u00f3re pojawiaj\u0105 si\u0119 w naszej ofercie po raz pierwszy.<\/p>\n<h3>Kolory i kontrasty<\/h3>\n<p>Kapsu\u0142a Fluff to zaproszenie do spojrzenia na nadchodz\u0105c\u0105 jesie\u0144 w zupe\u0142nie inny, dynamiczny i nasycony kolorami spos\u00f3b.<strong> Ciep\u0142e, we\u0142niane swetry<\/strong> z szerokim ko\u0142nierzem inspirowanym ko\u0142nierzami <i>bebe<\/i> zwracaj\u0105 uwag\u0119 kontrastuj\u0105cymi zestawieniami barw: g\u0142\u0119boki, ciemny r\u00f3\u017c romansuje tu z mi\u0119t\u0105, w innym wydaniu za\u015b to mi\u0119ta wchodzi w niespodziewan\u0105 relacj\u0119 z jaskrawym fioletem. Otulaj\u0105ca, <strong>aksamitna kurtka<\/strong> o koszulowym, oversize\u2019owym fasonie urzeka ciep\u0142ym odcieniem oliwki, a lu\u017ana, <strong>wodoodporna peleryna<\/strong>-ponczo hipnotyzuje drobniutk\u0105 krateczk\u0105 i zaskakuje wzorzyst\u0105 podpink\u0105. W podobnym stylu utrzymana jest <strong>elegancka kurtka <\/strong>o kroju pude\u0142kowej marynarki o wzorze b\u0119d\u0105cym nowoczesn\u0105 reinterpretacj\u0105 klasycznej pepitki w odcieniach zieleni i fioletu na kwiecistej, kolorowej podszewce.<\/p>\n<h3>Puch zdefiniowany na nowo<\/h3>\n<p>Przy okazji kolekcji kapsu\u0142owej w nowe konteksty wpisujemy te\u017c materia\u0142, kt\u00f3ry we Fluff jest nam najbli\u017cszy i najlepiej znany &#8211; puch. Staramy si\u0119 \u0142\u0105czy\u0107 go z innymi materia\u0142ami, tworz\u0105c wyj\u0105tkowe zestawienia, wobec kt\u00f3rych nie spos\u00f3b przej\u015b\u0107 oboj\u0119tnie. Niezwykle udanym eksperymentem okazuje si\u0119 k<strong>r\u00f3tka r\u00f3\u017cowa bomberka<\/strong> na puchu, ale\u2026 ca\u0142a z fr\u0119dzelk\u00f3w, z po\u0142yskuj\u0105cym wyko\u0144czeniem i elementami wykonanymi ze sk\u00f3ry. Praktycznym, mi\u0119dzysezonowym elementem kapsu\u0142owej szafy mo\u017ce by\u0107 te\u017c <strong>lekki i mi\u0119kki p\u0142aszcz z po\u0142yskuj\u0105cej ekosk\u00f3ry z puchow\u0105 podpink\u0105<\/strong>, dost\u0119pny w dw\u00f3ch wersjach kolorystycznych &#8211; bordowej i granatowej.<\/p>\n<p>Tegoroczne propozycje prze\u0142amuj\u0105 jednak schematy i wychodz\u0105 poza ramy standardowej odzie\u017cy wierzchniej. Opr\u00f3cz stylowych i niezwykle <strong>ciep\u0142ych kurtek<\/strong> idealnych na sezon jesienno-zimowy tworzymy te\u017c rzeczy uniwersalne i wielosezonowe, takie jak nowoczesne marynarki, swetry czy <strong>bezr\u0119kawniki<\/strong> o wyj\u0105tkowych, oryginalnych krojach.<\/p>\n<p>Stale poszerzamy i rozwijamy tak\u017ce kolekcj\u0119 akcesori\u00f3w: czapek, szalik\u00f3w i r\u0119kawiczek. Sp\u00f3jny, styl i kolorystyka naszych produkt\u00f3w sprawiaj\u0105, \u017ce \u015bwietnie si\u0119 one ze sob\u0105 uzupe\u0142niaj\u0105 &#8211; na ich bazie skomponowa\u0107 mo\u017cna stylizacje, wobec kt\u00f3rych nie spos\u00f3b przej\u015b\u0107 oboj\u0119tnie.<\/p>\n","protected":false},"excerpt":{"rendered":"<p>Nasze inspiracje Gotowi na szalon\u0105 podr\u00f3\u017c do odwa\u017cnych, kolorowych i nonszalanckich lat 70.? Nowa kolekcja Fluff to ho\u0142d z\u0142o\u017cony stylistyce rodem z kultowych dzie\u0142 kina tamtych czas\u00f3w, takich jak \u201cAnnie Hall\u201d czy \u201cKlute\u201d. To w\u0142a\u015bnie barwne, wyraziste, zapadaj\u0105ce w pami\u0119\u0107 kadry z tych film\u00f3w sta\u0142y si\u0119 impulsem do stworzenia tej niezwyk\u0142ej serii ubra\u0144 i akcesori\u00f3w. [&#8230;]\n","protected":false},"author":561,"featured_media":80501,"comment_status":"closed","ping_status":"closed","sticky":false,"template":"","format":"standard","meta":{"_acf_changed":false,"footnotes":""},"categories":[18],"tags":[],"class_list":["post-80840","post","type-post","status-publish","format-standard","has-post-thumbnail","hentry","category-fluff"],"acf":[],"yoast_head":"<!-- This site is optimized with the Yoast SEO plugin v27.0 - https:\/\/yoast.com\/product\/yoast-seo-wordpress\/ -->\n<title>Odkryj now\u0105 kolekcj\u0119 Fluff! Jesie\u0144\/Zima 2023 - Fluff<\/title>\n<meta name=\"robots\" content=\"index, follow, max-snippet:-1, max-image-preview:large, max-video-preview:-1\" \/>\n<link rel=\"canonical\" href=\"https:\/\/fluffouterwear.com\/pl\/odkryj-nowa-kolekcje-fluff-jesien-zima-2023\/\" \/>\n<meta property=\"og:locale\" content=\"pl_PL\" \/>\n<meta property=\"og:type\" content=\"article\" \/>\n<meta property=\"og:title\" content=\"Odkryj now\u0105 kolekcj\u0119 Fluff! Jesie\u0144\/Zima 2023 - Fluff\" \/>\n<meta property=\"og:description\" content=\"Nasze inspiracje Gotowi na szalon\u0105 podr\u00f3\u017c do odwa\u017cnych, kolorowych i nonszalanckich lat 70.? Nowa kolekcja Fluff to ho\u0142d z\u0142o\u017cony stylistyce rodem z kultowych dzie\u0142 kina tamtych czas\u00f3w, takich jak \u201cAnnie Hall\u201d czy \u201cKlute\u201d. To w\u0142a\u015bnie barwne, wyraziste, zapadaj\u0105ce w pami\u0119\u0107 kadry z tych film\u00f3w sta\u0142y si\u0119 impulsem do stworzenia tej niezwyk\u0142ej serii ubra\u0144 i akcesori\u00f3w. [...]\" \/>\n<meta property=\"og:url\" content=\"https:\/\/fluffouterwear.com\/pl\/odkryj-nowa-kolekcje-fluff-jesien-zima-2023\/\" \/>\n<meta property=\"og:site_name\" content=\"Fluff\" \/>\n<meta property=\"article:published_time\" content=\"2023-09-18T07:46:50+00:00\" \/>\n<meta property=\"article:modified_time\" content=\"2024-10-27T12:14:54+00:00\" \/>\n<meta property=\"og:image\" content=\"https:\/\/fluffouterwear.com\/wp-content\/uploads\/2023\/09\/baner-5.jpg\" \/>\n\t<meta property=\"og:image:width\" content=\"1920\" \/>\n\t<meta property=\"og:image:height\" content=\"1280\" \/>\n\t<meta property=\"og:image:type\" content=\"image\/jpeg\" \/>\n<meta name=\"author\" content=\"FLUFF\" \/>\n<meta name=\"twitter:card\" content=\"summary_large_image\" \/>\n<meta name=\"twitter:label1\" content=\"Napisane przez\" \/>\n\t<meta name=\"twitter:data1\" content=\"FLUFF\" \/>\n\t<meta name=\"twitter:label2\" content=\"Szacowany czas czytania\" \/>\n\t<meta name=\"twitter:data2\" content=\"2 minuty\" \/>\n<script type=\"application\/ld+json\" class=\"yoast-schema-graph\">{\"@context\":\"https:\/\/schema.org\",\"@graph\":[{\"@type\":\"Article\",\"@id\":\"https:\/\/fluffouterwear.com\/pl\/odkryj-nowa-kolekcje-fluff-jesien-zima-2023\/#article\",\"isPartOf\":{\"@id\":\"https:\/\/fluffouterwear.com\/pl\/odkryj-nowa-kolekcje-fluff-jesien-zima-2023\/\"},\"author\":{\"name\":\"FLUFF\",\"@id\":\"https:\/\/fluffouterwear.com\/pl\/#\/schema\/person\/c68b7590c1eb8f4651d73348969473d3\"},\"headline\":\"Odkryj now\u0105 kolekcj\u0119 Fluff! Jesie\u0144\/Zima 2023\",\"datePublished\":\"2023-09-18T07:46:50+00:00\",\"dateModified\":\"2024-10-27T12:14:54+00:00\",\"mainEntityOfPage\":{\"@id\":\"https:\/\/fluffouterwear.com\/pl\/odkryj-nowa-kolekcje-fluff-jesien-zima-2023\/\"},\"wordCount\":504,\"image\":{\"@id\":\"https:\/\/fluffouterwear.com\/pl\/odkryj-nowa-kolekcje-fluff-jesien-zima-2023\/#primaryimage\"},\"thumbnailUrl\":\"https:\/\/fluffouterwear.com\/wp-content\/uploads\/2023\/09\/baner-5.jpg\",\"articleSection\":[\"Fluff\"],\"inLanguage\":\"pl-PL\"},{\"@type\":\"WebPage\",\"@id\":\"https:\/\/fluffouterwear.com\/pl\/odkryj-nowa-kolekcje-fluff-jesien-zima-2023\/\",\"url\":\"https:\/\/fluffouterwear.com\/pl\/odkryj-nowa-kolekcje-fluff-jesien-zima-2023\/\",\"name\":\"Odkryj now\u0105 kolekcj\u0119 Fluff! Jesie\u0144\/Zima 2023 - Fluff\",\"isPartOf\":{\"@id\":\"https:\/\/fluffouterwear.com\/pl\/#website\"},\"primaryImageOfPage\":{\"@id\":\"https:\/\/fluffouterwear.com\/pl\/odkryj-nowa-kolekcje-fluff-jesien-zima-2023\/#primaryimage\"},\"image\":{\"@id\":\"https:\/\/fluffouterwear.com\/pl\/odkryj-nowa-kolekcje-fluff-jesien-zima-2023\/#primaryimage\"},\"thumbnailUrl\":\"https:\/\/fluffouterwear.com\/wp-content\/uploads\/2023\/09\/baner-5.jpg\",\"datePublished\":\"2023-09-18T07:46:50+00:00\",\"dateModified\":\"2024-10-27T12:14:54+00:00\",\"author\":{\"@id\":\"https:\/\/fluffouterwear.com\/pl\/#\/schema\/person\/c68b7590c1eb8f4651d73348969473d3\"},\"breadcrumb\":{\"@id\":\"https:\/\/fluffouterwear.com\/pl\/odkryj-nowa-kolekcje-fluff-jesien-zima-2023\/#breadcrumb\"},\"inLanguage\":\"pl-PL\",\"potentialAction\":[{\"@type\":\"ReadAction\",\"target\":[\"https:\/\/fluffouterwear.com\/pl\/odkryj-nowa-kolekcje-fluff-jesien-zima-2023\/\"]}]},{\"@type\":\"ImageObject\",\"inLanguage\":\"pl-PL\",\"@id\":\"https:\/\/fluffouterwear.com\/pl\/odkryj-nowa-kolekcje-fluff-jesien-zima-2023\/#primaryimage\",\"url\":\"https:\/\/fluffouterwear.com\/wp-content\/uploads\/2023\/09\/baner-5.jpg\",\"contentUrl\":\"https:\/\/fluffouterwear.com\/wp-content\/uploads\/2023\/09\/baner-5.jpg\",\"width\":1920,\"height\":1280},{\"@type\":\"BreadcrumbList\",\"@id\":\"https:\/\/fluffouterwear.com\/pl\/odkryj-nowa-kolekcje-fluff-jesien-zima-2023\/#breadcrumb\",\"itemListElement\":[{\"@type\":\"ListItem\",\"position\":1,\"name\":\"Strona g\u0142\u00f3wna\",\"item\":\"https:\/\/fluffouterwear.com\/pl\/\"},{\"@type\":\"ListItem\",\"position\":2,\"name\":\"Odkryj now\u0105 kolekcj\u0119 Fluff! Jesie\u0144\/Zima 2023\"}]},{\"@type\":\"WebSite\",\"@id\":\"https:\/\/fluffouterwear.com\/pl\/#website\",\"url\":\"https:\/\/fluffouterwear.com\/pl\/\",\"name\":\"Fluff\",\"description\":\"\",\"potentialAction\":[{\"@type\":\"SearchAction\",\"target\":{\"@type\":\"EntryPoint\",\"urlTemplate\":\"https:\/\/fluffouterwear.com\/pl\/?s={search_term_string}\"},\"query-input\":{\"@type\":\"PropertyValueSpecification\",\"valueRequired\":true,\"valueName\":\"search_term_string\"}}],\"inLanguage\":\"pl-PL\"},{\"@type\":\"Person\",\"@id\":\"https:\/\/fluffouterwear.com\/pl\/#\/schema\/person\/c68b7590c1eb8f4651d73348969473d3\",\"name\":\"FLUFF\"}]}<\/script>\n<!-- \/ Yoast SEO plugin. -->","yoast_head_json":{"title":"Odkryj now\u0105 kolekcj\u0119 Fluff! Jesie\u0144\/Zima 2023 - Fluff","robots":{"index":"index","follow":"follow","max-snippet":"max-snippet:-1","max-image-preview":"max-image-preview:large","max-video-preview":"max-video-preview:-1"},"canonical":"https:\/\/fluffouterwear.com\/pl\/odkryj-nowa-kolekcje-fluff-jesien-zima-2023\/","og_locale":"pl_PL","og_type":"article","og_title":"Odkryj now\u0105 kolekcj\u0119 Fluff! Jesie\u0144\/Zima 2023 - Fluff","og_description":"Nasze inspiracje Gotowi na szalon\u0105 podr\u00f3\u017c do odwa\u017cnych, kolorowych i nonszalanckich lat 70.? Nowa kolekcja Fluff to ho\u0142d z\u0142o\u017cony stylistyce rodem z kultowych dzie\u0142 kina tamtych czas\u00f3w, takich jak \u201cAnnie Hall\u201d czy \u201cKlute\u201d. To w\u0142a\u015bnie barwne, wyraziste, zapadaj\u0105ce w pami\u0119\u0107 kadry z tych film\u00f3w sta\u0142y si\u0119 impulsem do stworzenia tej niezwyk\u0142ej serii ubra\u0144 i akcesori\u00f3w. [...]","og_url":"https:\/\/fluffouterwear.com\/pl\/odkryj-nowa-kolekcje-fluff-jesien-zima-2023\/","og_site_name":"Fluff","article_published_time":"2023-09-18T07:46:50+00:00","article_modified_time":"2024-10-27T12:14:54+00:00","og_image":[{"width":1920,"height":1280,"url":"https:\/\/fluffouterwear.com\/wp-content\/uploads\/2023\/09\/baner-5.jpg","type":"image\/jpeg"}],"author":"FLUFF","twitter_card":"summary_large_image","twitter_misc":{"Napisane przez":"FLUFF","Szacowany czas czytania":"2 minuty"},"schema":{"@context":"https:\/\/schema.org","@graph":[{"@type":"Article","@id":"https:\/\/fluffouterwear.com\/pl\/odkryj-nowa-kolekcje-fluff-jesien-zima-2023\/#article","isPartOf":{"@id":"https:\/\/fluffouterwear.com\/pl\/odkryj-nowa-kolekcje-fluff-jesien-zima-2023\/"},"author":{"name":"FLUFF","@id":"https:\/\/fluffouterwear.com\/pl\/#\/schema\/person\/c68b7590c1eb8f4651d73348969473d3"},"headline":"Odkryj now\u0105 kolekcj\u0119 Fluff! Jesie\u0144\/Zima 2023","datePublished":"2023-09-18T07:46:50+00:00","dateModified":"2024-10-27T12:14:54+00:00","mainEntityOfPage":{"@id":"https:\/\/fluffouterwear.com\/pl\/odkryj-nowa-kolekcje-fluff-jesien-zima-2023\/"},"wordCount":504,"image":{"@id":"https:\/\/fluffouterwear.com\/pl\/odkryj-nowa-kolekcje-fluff-jesien-zima-2023\/#primaryimage"},"thumbnailUrl":"https:\/\/fluffouterwear.com\/wp-content\/uploads\/2023\/09\/baner-5.jpg","articleSection":["Fluff"],"inLanguage":"pl-PL"},{"@type":"WebPage","@id":"https:\/\/fluffouterwear.com\/pl\/odkryj-nowa-kolekcje-fluff-jesien-zima-2023\/","url":"https:\/\/fluffouterwear.com\/pl\/odkryj-nowa-kolekcje-fluff-jesien-zima-2023\/","name":"Odkryj now\u0105 kolekcj\u0119 Fluff! Jesie\u0144\/Zima 2023 - Fluff","isPartOf":{"@id":"https:\/\/fluffouterwear.com\/pl\/#website"},"primaryImageOfPage":{"@id":"https:\/\/fluffouterwear.com\/pl\/odkryj-nowa-kolekcje-fluff-jesien-zima-2023\/#primaryimage"},"image":{"@id":"https:\/\/fluffouterwear.com\/pl\/odkryj-nowa-kolekcje-fluff-jesien-zima-2023\/#primaryimage"},"thumbnailUrl":"https:\/\/fluffouterwear.com\/wp-content\/uploads\/2023\/09\/baner-5.jpg","datePublished":"2023-09-18T07:46:50+00:00","dateModified":"2024-10-27T12:14:54+00:00","author":{"@id":"https:\/\/fluffouterwear.com\/pl\/#\/schema\/person\/c68b7590c1eb8f4651d73348969473d3"},"breadcrumb":{"@id":"https:\/\/fluffouterwear.com\/pl\/odkryj-nowa-kolekcje-fluff-jesien-zima-2023\/#breadcrumb"},"inLanguage":"pl-PL","potentialAction":[{"@type":"ReadAction","target":["https:\/\/fluffouterwear.com\/pl\/odkryj-nowa-kolekcje-fluff-jesien-zima-2023\/"]}]},{"@type":"ImageObject","inLanguage":"pl-PL","@id":"https:\/\/fluffouterwear.com\/pl\/odkryj-nowa-kolekcje-fluff-jesien-zima-2023\/#primaryimage","url":"https:\/\/fluffouterwear.com\/wp-content\/uploads\/2023\/09\/baner-5.jpg","contentUrl":"https:\/\/fluffouterwear.com\/wp-content\/uploads\/2023\/09\/baner-5.jpg","width":1920,"height":1280},{"@type":"BreadcrumbList","@id":"https:\/\/fluffouterwear.com\/pl\/odkryj-nowa-kolekcje-fluff-jesien-zima-2023\/#breadcrumb","itemListElement":[{"@type":"ListItem","position":1,"name":"Strona g\u0142\u00f3wna","item":"https:\/\/fluffouterwear.com\/pl\/"},{"@type":"ListItem","position":2,"name":"Odkryj now\u0105 kolekcj\u0119 Fluff! Jesie\u0144\/Zima 2023"}]},{"@type":"WebSite","@id":"https:\/\/fluffouterwear.com\/pl\/#website","url":"https:\/\/fluffouterwear.com\/pl\/","name":"Fluff","description":"","potentialAction":[{"@type":"SearchAction","target":{"@type":"EntryPoint","urlTemplate":"https:\/\/fluffouterwear.com\/pl\/?s={search_term_string}"},"query-input":{"@type":"PropertyValueSpecification","valueRequired":true,"valueName":"search_term_string"}}],"inLanguage":"pl-PL"},{"@type":"Person","@id":"https:\/\/fluffouterwear.com\/pl\/#\/schema\/person\/c68b7590c1eb8f4651d73348969473d3","name":"FLUFF"}]}},"_links":{"self":[{"href":"https:\/\/fluffouterwear.com\/pl\/wp-json\/wp\/v2\/posts\/80840","targetHints":{"allow":["GET"]}}],"collection":[{"href":"https:\/\/fluffouterwear.com\/pl\/wp-json\/wp\/v2\/posts"}],"about":[{"href":"https:\/\/fluffouterwear.com\/pl\/wp-json\/wp\/v2\/types\/post"}],"author":[{"embeddable":true,"href":"https:\/\/fluffouterwear.com\/pl\/wp-json\/wp\/v2\/users\/561"}],"replies":[{"embeddable":true,"href":"https:\/\/fluffouterwear.com\/pl\/wp-json\/wp\/v2\/comments?post=80840"}],"version-history":[{"count":6,"href":"https:\/\/fluffouterwear.com\/pl\/wp-json\/wp\/v2\/posts\/80840\/revisions"}],"predecessor-version":[{"id":85008,"href":"https:\/\/fluffouterwear.com\/pl\/wp-json\/wp\/v2\/posts\/80840\/revisions\/85008"}],"wp:featuredmedia":[{"embeddable":true,"href":"https:\/\/fluffouterwear.com\/pl\/wp-json\/wp\/v2\/media\/80501"}],"wp:attachment":[{"href":"https:\/\/fluffouterwear.com\/pl\/wp-json\/wp\/v2\/media?parent=80840"}],"wp:term":[{"taxonomy":"category","embeddable":true,"href":"https:\/\/fluffouterwear.com\/pl\/wp-json\/wp\/v2\/categories?post=80840"},{"taxonomy":"post_tag","embeddable":true,"href":"https:\/\/fluffouterwear.com\/pl\/wp-json\/wp\/v2\/tags?post=80840"}],"curies":[{"name":"wp","href":"https:\/\/api.w.org\/{rel}","templated":true}]}}